{"id":6015,"date":"2026-04-01T07:24:59","date_gmt":"2026-04-01T10:24:59","guid":{"rendered":"https:\/\/islamparatodos.com.br\/portal\/?p=6015"},"modified":"2026-04-01T07:24:59","modified_gmt":"2026-04-01T10:24:59","slug":"sacs-porte-epaule-asos-pour-femme-reductions-en-ligne-jusqu-a-60","status":"publish","type":"post","link":"https:\/\/islamparatodos.com.br\/portal\/sacs-porte-epaule-asos-pour-femme-reductions-en-ligne-jusqu-a-60\/","title":{"rendered":"Sacs port\u00e9 \u00e9paule ASOS pour femme R\u00e9ductions en ligne jusqu&#8217;\u00e0 60 %"},"content":{"rendered":"<p>D\u00e9poser une demande pour trouver une place en EHPAD dans votre r\u00e9gion et selon votre budget Pour anticiper l\u2019\u00e9volution, il est essentiel d\u2019organiser des \u00e9valuations m\u00e9dicales r\u00e9guli\u00e8res afin d\u2019adapter les services et d\u2019\u00e9viter une d\u00e9gradation rapide de la situation. La perte d\u2019autonomie d\u2019un senior en <a href=\"https:\/\/kinbettfr.com\/\">KinBet<\/a> GIR 2 peut suivre un rythme variable, influenc\u00e9 par son \u00e9tat de sant\u00e9 et son environnement.<\/p>\n<ul>\n<li>Le senior en GIR 2 est tr\u00e8s d\u00e9pendant, il requiert donc une aide r\u00e9guli\u00e8re pour plusieurs des activit\u00e9s de la vie quotidienne.<\/li>\n<li>ASOSSac port\u00e9 \u00e9paule imitation daim style ann\u00e9es 90 &#8211; kaki &#8211; Neutre<\/li>\n<li>Pour cela, il faut contacter l\u2019\u00e9quipe m\u00e9dico-sociale qui a proc\u00e9d\u00e9 \u00e0 la pr\u00e9c\u00e9dente \u00e9valuation.<\/li>\n<li>Selon les donn\u00e9es de fin 2019, une personne de 60 ans peut esp\u00e9rer vivre en moyenne 25,6 ann\u00e9es, parmi lesquelles 2,4 ann\u00e9es (soit environ 9,5%) seront pass\u00e9es en tant que b\u00e9n\u00e9ficiaire de l&#8217;Allocation Personnalis\u00e9e d&#8217;Autonomie (APA).<\/li>\n<\/ul>\n<h2>Quelles sont les diff\u00e9rences entre le GIR 2 et les autres niveaux de d\u00e9pendance ?<\/h2>\n<p>Apr\u00e8s 25 ans pass\u00e9s \u00e0 conseiller des familles comme la v\u00f4tre, je sais combien la perte d\u2019autonomie d\u2019un \u00eatre cher peut \u00eatre bouleversante \u2013 tant \u00e9motionnellement que financi\u00e8rement. Enregistrer mon nom, mon e-mail et mon site dans le navigateur pour mon prochain commentaire. Le classement en GIR 2 ouvre le droit \u00e0 plusieurs aides, qui permettent de financer tout ou partie des prestations n\u00e9cessaires. Ces options permettent parfois d\u2019\u00e9viter une entr\u00e9e imm\u00e9diate en \u00e9tablissement m\u00e9dicalis\u00e9, tout en offrant une s\u00e9curit\u00e9 accrue. Il existe aussi des solutions interm\u00e9diaires, comme l\u2019accueil de jour, les foyers logements, ou encore les formes d\u2019habitat partag\u00e9 encadr\u00e9.<\/p>\n<p>Les informations recueillies \u00e0 partir de ce formulaire sont trait\u00e9es par la DILA pour r\u00e9pondre \u00e0 votre demande. \u00bb, \u00ab Je cherchais des informations plus pr\u00e9cises\/plus claires sur&#8230; Pour des raisons de s\u00e9curit\u00e9, nous ne pouvons valider ce formulaire suite \u00e0 une trop longue p\u00e9riode d\u2019inactivit\u00e9. Vous souhaitez \u00eatre accompagn\u00e9(e) dans vos d\u00e9marches ?<\/p>\n<h3>Les aides compl\u00e9mentaires essentielles<\/h3>\n<p>Les personnes \u00e2g\u00e9es atteintes d&#8217;une maladie neurod\u00e9g\u00e9n\u00e9rative ou de d\u00e9mence, avec un d\u00e9clin cognitif mod\u00e9r\u00e9 \u00e0 s\u00e9v\u00e8re, sont souvent class\u00e9es en GIR 2. Le classement en GIR 2 concerne donc des seniors dont les fonctions physiques ou mentales sont gravement alt\u00e9r\u00e9es et qui ont besoin d&#8217;une pr\u00e9sence et d&#8217;une assistance quotidiennes. D&#8217;autre part, des personnes dont les fonctions mentales et cognitives sont alt\u00e9r\u00e9es, mais dont les capacit\u00e9s motrices sont pr\u00e9serv\u00e9es. Le GIR 2 est le niveau de d\u00e9pendance le plus \u00e9lev\u00e9 apr\u00e8s le GIR 1, sur les 6 degr\u00e9s que compte la grille AGGIR. Il est d\u00e9termin\u00e9 dans le cadre d&#8217;une entr\u00e9e en maison de retraite m\u00e9dicalis\u00e9e ou d&#8217;une demande d&#8217;APA (allocation personnalis\u00e9e d&#8217;autonomie). Le GIR 2 signifie &#8220;groupe iso-ressources&#8221; de niveau 2 sur la grille nationale AGGIR, un outil servant \u00e0 \u00e9valuer la perte d&#8217;autonomie des personnes \u00e2g\u00e9es.<\/p>\n<h3>Le calcul du montant de l\u2019APA en GIR 2 en Ehpad<\/h3>\n<p>C\u2019est le cas g\u00e9n\u00e9ralement aux phases interm\u00e9diaires, voire avanc\u00e9es des 7 stades de la maladie d\u2019Alzheimer. Les personnes \u00e2g\u00e9es atteintes d\u2019une maladie neurod\u00e9g\u00e9n\u00e9rative ou de d\u00e9mence, avec un d\u00e9clin cognitif mod\u00e9r\u00e9 \u00e0 s\u00e9v\u00e8re, sont souvent class\u00e9es en GIR 2. Le GIR 2 est le niveau de d\u00e9pendance le plus \u00e9lev\u00e9 apr\u00e8s le GIR 1, sur les 6 degr\u00e9s que compte la grille AGGIR (Autonomie G\u00e9rontologique et Groupes lso-Ressources). Il est d\u00e9termin\u00e9 dans le cadre d\u2019une entr\u00e9e en maison de retraite m\u00e9dicalis\u00e9e ou d\u2019une demande d\u2019APA (allocation personnalis\u00e9e d\u2019autonomie). GIR 2 signifie \u00ab groupe iso-ressources \u00bb de niveau 2 sur la grille nationale AGGIR, un outil servant \u00e0 \u00e9valuer la perte d\u2019autonomie des personnes \u00e2g\u00e9es. Qu\u2019elle r\u00e9side \u00e0 domicile ou en \u00e9tablissement, la personne \u00e2g\u00e9e d\u00e9pendante a droit \u00e0 des aides financi\u00e8res, dont l\u2019allocation personnalis\u00e9e d\u2019autonomie (APA).<\/p>\n<p>ASOSPochette en paille avec poign\u00e9e \u00e0 billes en r\u00e9sine &#8211; olive &#8211; Vert ASOSSac seau effet tress\u00e9 en similicuir et imitation daim &#8211; kaki &#8211; Vert ASOSSac \u00e0 main style pochette \u00e0 perles goutte d&#8217;eau &#8211; \u00e9meraude &#8211; Noir<\/p>\n<p>Nous vous remercions de renseigner ce formulaire afin de pouvoir r\u00e9pondre au mieux \u00e0 votre demande d\u2019informations. Savoir qu\u2019une aide peut \u00eatre d\u00e9clench\u00e9e instantan\u00e9ment all\u00e8ge leur charge mentale et leur permet de conserver un \u00e9quilibre entre accompagnement et vie personnelle. Les abonnements ouvrent aussi droit \u00e0 un cr\u00e9dit d\u2019imp\u00f4t au titre des services \u00e0 la personne, r\u00e9duisant ainsi le co\u00fbt r\u00e9el du service. En cas de chute, de malaise ou de difficult\u00e9 lors des d\u00e9placements (se lever, s\u2019asseoir, se coucher), la personne \u00e2g\u00e9e peut entrer en relation imm\u00e9diate avec son t\u00e9l\u00e9assistant. Europ Assistance La T\u00e9l\u00e9assistance met \u00e0 disposition des \u00e9quipements sp\u00e9cialement pens\u00e9s pour les besoins des personnes en d\u00e9pendance mod\u00e9r\u00e9e.<\/p>\n","protected":false},"excerpt":{"rendered":"<p>D\u00e9poser une demande pour trouver une place en EHPAD dans votre r\u00e9gion et selon votre budget Pour anticiper l\u2019\u00e9volution, il est essentiel d\u2019organiser des \u00e9valuations m\u00e9dicales r\u00e9guli\u00e8res afin d\u2019adapter les services et d\u2019\u00e9viter une d\u00e9gradation rapide de la situation. La perte d\u2019autonomie d\u2019un senior en&#8230;<\/p>\n","protected":false},"author":1,"featured_media":0,"comment_status":"closed","ping_status":"open","sticky":false,"template":"","format":"standard","meta":{"footnotes":""},"categories":[1],"tags":[],"_links":{"self":[{"href":"https:\/\/islamparatodos.com.br\/portal\/wp-json\/wp\/v2\/posts\/6015"}],"collection":[{"href":"https:\/\/islamparatodos.com.br\/portal\/wp-json\/wp\/v2\/posts"}],"about":[{"href":"https:\/\/islamparatodos.com.br\/portal\/wp-json\/wp\/v2\/types\/post"}],"author":[{"embeddable":true,"href":"https:\/\/islamparatodos.com.br\/portal\/wp-json\/wp\/v2\/users\/1"}],"replies":[{"embeddable":true,"href":"https:\/\/islamparatodos.com.br\/portal\/wp-json\/wp\/v2\/comments?post=6015"}],"version-history":[{"count":1,"href":"https:\/\/islamparatodos.com.br\/portal\/wp-json\/wp\/v2\/posts\/6015\/revisions"}],"predecessor-version":[{"id":6016,"href":"https:\/\/islamparatodos.com.br\/portal\/wp-json\/wp\/v2\/posts\/6015\/revisions\/6016"}],"wp:attachment":[{"href":"https:\/\/islamparatodos.com.br\/portal\/wp-json\/wp\/v2\/media?parent=6015"}],"wp:term":[{"taxonomy":"category","embeddable":true,"href":"https:\/\/islamparatodos.com.br\/portal\/wp-json\/wp\/v2\/categories?post=6015"},{"taxonomy":"post_tag","embeddable":true,"href":"https:\/\/islamparatodos.com.br\/portal\/wp-json\/wp\/v2\/tags?post=6015"}],"curies":[{"name":"wp","href":"https:\/\/api.w.org\/{rel}","templated":true}]}}